{"id":1238,"date":"2021-03-02T08:06:12","date_gmt":"2021-03-02T08:06:12","guid":{"rendered":"https:\/\/dans.si\/?p=1238"},"modified":"2021-03-11T09:19:38","modified_gmt":"2021-03-11T09:19:38","slug":"otroski-oddelek-in-delovna-rehabilitacija","status":"publish","type":"post","link":"https:\/\/dans.si\/?p=1238","title":{"rendered":"Otro\u0161ki oddelek in delovna rehabilitacija"},"content":{"rendered":"<p>Kompleks in\u0161tituta je med leti 1954 do 1962 zasnoval arhitekt Danilo Kocjan, ki si je zamislil nizke in razpotegnjene objekte po skandinavskem vzoru, postavljene v zelenje. Nova stavba z otro\u0161kim oddelkom v pritli\u010dju in CPR v nadstropju nadaljuje paviljonsko zasnovo. Na obstoje\u010d kompleks se navezuje preko vmesnega \u010dlena z dvigali.\u00a0 V pravilen pravokotni tloris so vstavljeni kompleksni programski sklopi. Skupni \u2013 javni prostori oddelka so organizirani okoli atrija tako, da segajo tudi do obodnih fasad in s tem omogo\u010dajo pre\u010dne svetlobne preboje, ki oblikujejo dnevne in igralne prostore ter lo\u010dijo posamezne sklope med seboj. Velika okna sob in drugih prostorov gledajo v obstoje\u010di park z ohranjenimi velikimi drevesi.<\/p>\n<p>Zaradi dolgotrajnega bivanja otrok in stalnih obiskov smo \u017eeleli, da ambienti ne bi imeli bolni\u0161ni\u010dnega karakterja. To dose\u017eemo z obdelavami sten (vidni beton in mehka stenska obloga), lesenim pohi\u0161tvom in igrali, \u017eivahnimi barvami in raznoliko naravno in umetno svetlobo. Atrij, zunanja dnevna soba, je popolnoma obdelan v lesu. Osnovna fasada je bela iz ravnih vlaknocementnih plo\u0161\u010d, z velikimi horizontalnimi okenskimi odprtinami in ritmom vertikalnih rumenih akcentov iz valovitih plo\u0161\u010d.<\/p>\n","protected":false},"excerpt":{"rendered":"<p>Kompleks in\u0161tituta je med leti 1954 do 1962 zasnoval arhitekt Danilo Kocjan, ki si je zamislil nizke in razpotegnjene objekte po skandinavskem vzoru, postavljene v zelenje. Nova stavba z otro\u0161kim oddelkom v pritli\u010dju in CPR v nadstropju nadaljuje paviljonsko zasnovo. Na obstoje\u010d kompleks se navezuje preko vmesnega \u010dlena z dvigali.\u00a0 V pravilen pravokotni tloris so &hellip; <a href=\"https:\/\/dans.si\/?p=1238\">Continued<\/a><\/p>\n","protected":false},"author":1,"featured_media":1243,"comment_status":"open","ping_status":"open","sticky":false,"template":"","format":"standard","meta":{"footnotes":""},"categories":[16],"tags":[],"acf":[],"_links":{"self":[{"href":"https:\/\/dans.si\/index.php?rest_route=\/wp\/v2\/posts\/1238"}],"collection":[{"href":"https:\/\/dans.si\/index.php?rest_route=\/wp\/v2\/posts"}],"about":[{"href":"https:\/\/dans.si\/index.php?rest_route=\/wp\/v2\/types\/post"}],"author":[{"embeddable":true,"href":"https:\/\/dans.si\/index.php?rest_route=\/wp\/v2\/users\/1"}],"replies":[{"embeddable":true,"href":"https:\/\/dans.si\/index.php?rest_route=%2Fwp%2Fv2%2Fcomments&post=1238"}],"version-history":[{"count":3,"href":"https:\/\/dans.si\/index.php?rest_route=\/wp\/v2\/posts\/1238\/revisions"}],"predecessor-version":[{"id":2162,"href":"https:\/\/dans.si\/index.php?rest_route=\/wp\/v2\/posts\/1238\/revisions\/2162"}],"wp:featuredmedia":[{"embeddable":true,"href":"https:\/\/dans.si\/index.php?rest_route=\/wp\/v2\/media\/1243"}],"wp:attachment":[{"href":"https:\/\/dans.si\/index.php?rest_route=%2Fwp%2Fv2%2Fmedia&parent=1238"}],"wp:term":[{"taxonomy":"category","embeddable":true,"href":"https:\/\/dans.si\/index.php?rest_route=%2Fwp%2Fv2%2Fcategories&post=1238"},{"taxonomy":"post_tag","embeddable":true,"href":"https:\/\/dans.si\/index.php?rest_route=%2Fwp%2Fv2%2Ftags&post=1238"}],"curies":[{"name":"wp","href":"https:\/\/api.w.org\/{rel}","templated":true}]}}