{"id":1303,"date":"2021-03-02T08:40:35","date_gmt":"2021-03-02T08:40:35","guid":{"rendered":"https:\/\/dans.si\/?p=1303"},"modified":"2021-03-02T08:45:19","modified_gmt":"2021-03-02T08:45:19","slug":"education-and-rehabilitation-center-cirius","status":"publish","type":"post","link":"https:\/\/dans.si\/?p=1303","title":{"rendered":"Center za izobra\u017eevanje in rehabilitacijo CIRIUS"},"content":{"rendered":"<p>V za\u010detku \u0161estdesetih let prej\u0161njega stoletja je arhitekt Jo\u017ee Usenik zasnoval kompleks ZUIM v duhu modernisti\u010dne odprte zasnove. V za\u010detku devetdesetih smo pri\u010deli s prenovo in dozidavo, ki se je zaklju\u010dila 2008. Prvotno zasnovo smo ohranili, postopoma prenovili in dopolnili z nadzidavami, dozidavami ter novimi trakti.<\/p>\n<p>V tretji fazi smo podalj\u0161ali osrednjo avlo in dodali dve telovadnici, bazen ter terapevtski trakt, prenovili in pove\u010dali enega od dveh \u0161olskih traktov, podrli jedilnico s kuhinjo ter ju nadomestili z novogradnjo, v kateri so \u0161e internetna kavarna, prostori zdravstva in pa knji\u017enica. Pri kompleksu gre za pravo malo mesto z hodniki in avlami kot ulicami in trgi, povezanimi z zunanjimi ambienti. Navzven se kompleks izra\u017ea s tektonsko oblikovanimi trakti, ki se urejeno nizajo ob prosojnem steklenem povezovalnem traktu. Na rustikalne temnej\u0161e podstavke so nalo\u017eeni mirni veliki beli volumni s pasovnimi okni in svetlimi \u017ealuzijami. Prostori med trakti so urejeni kot zunanji bivalni prostori \u2013 atriji. Trakti imajo navzven razli\u010dne na\u010dine nagovora, pa\u010d glede na njihovo vsebino. Bazenska dvorana se z dalj\u0161o stranico odpira proti jugu \u2013 proti polvkopani leseni terasi, ki omogo\u010da zunanje son\u010denje. Velika telovadnica ima velika okna proti severu, mala telovadnic pa se spet odpira proti ju\u017enemu soncu. Povezovalni trakt se zaklju\u010di s stopni\u0161\u010dem ter velikim dvigalom z zastekljeno panoramsko zunanjo steno, ki kot potujo\u010da soba ali javno prevozno sredstvo povezuje vse eta\u017ee in programe. Novi trakt jedilnice s kuhinjo se odpira proti razgledu na histori\u010dno silhueto Kamnika in Kamni\u0161kih Alp. Notranja arhitektura je vesela ter barvita in omogo\u010da otrokom z gibalno oviranostjo \u010dim ve\u010d svobode pri bivanju, delu in zabavi.<\/p>\n","protected":false},"excerpt":{"rendered":"<p>V za\u010detku \u0161estdesetih let prej\u0161njega stoletja je arhitekt Jo\u017ee Usenik zasnoval kompleks ZUIM v duhu modernisti\u010dne odprte zasnove. V za\u010detku devetdesetih smo pri\u010deli s prenovo in dozidavo, ki se je zaklju\u010dila 2008. Prvotno zasnovo smo ohranili, postopoma prenovili in dopolnili z nadzidavami, dozidavami ter novimi trakti. V tretji fazi smo podalj\u0161ali osrednjo avlo in dodali &hellip; <a href=\"https:\/\/dans.si\/?p=1303\">Continued<\/a><\/p>\n","protected":false},"author":1,"featured_media":1308,"comment_status":"open","ping_status":"open","sticky":false,"template":"","format":"standard","meta":{"footnotes":""},"categories":[10,14,16],"tags":[],"acf":[],"_links":{"self":[{"href":"https:\/\/dans.si\/index.php?rest_route=\/wp\/v2\/posts\/1303"}],"collection":[{"href":"https:\/\/dans.si\/index.php?rest_route=\/wp\/v2\/posts"}],"about":[{"href":"https:\/\/dans.si\/index.php?rest_route=\/wp\/v2\/types\/post"}],"author":[{"embeddable":true,"href":"https:\/\/dans.si\/index.php?rest_route=\/wp\/v2\/users\/1"}],"replies":[{"embeddable":true,"href":"https:\/\/dans.si\/index.php?rest_route=%2Fwp%2Fv2%2Fcomments&post=1303"}],"version-history":[{"count":5,"href":"https:\/\/dans.si\/index.php?rest_route=\/wp\/v2\/posts\/1303\/revisions"}],"predecessor-version":[{"id":1335,"href":"https:\/\/dans.si\/index.php?rest_route=\/wp\/v2\/posts\/1303\/revisions\/1335"}],"wp:featuredmedia":[{"embeddable":true,"href":"https:\/\/dans.si\/index.php?rest_route=\/wp\/v2\/media\/1308"}],"wp:attachment":[{"href":"https:\/\/dans.si\/index.php?rest_route=%2Fwp%2Fv2%2Fmedia&parent=1303"}],"wp:term":[{"taxonomy":"category","embeddable":true,"href":"https:\/\/dans.si\/index.php?rest_route=%2Fwp%2Fv2%2Fcategories&post=1303"},{"taxonomy":"post_tag","embeddable":true,"href":"https:\/\/dans.si\/index.php?rest_route=%2Fwp%2Fv2%2Ftags&post=1303"}],"curies":[{"name":"wp","href":"https:\/\/api.w.org\/{rel}","templated":true}]}}