{"id":1367,"date":"2021-03-03T07:40:41","date_gmt":"2021-03-03T07:40:41","guid":{"rendered":"https:\/\/dans.si\/?p=1367"},"modified":"2021-03-03T07:43:36","modified_gmt":"2021-03-03T07:43:36","slug":"ferdo-vesel-elementary-school-renovation","status":"publish","type":"post","link":"https:\/\/dans.si\/?p=1367","title":{"rendered":"Prenova osnovne \u0161ole Ferda Vesela"},"content":{"rendered":"<p>\u0160ola stoji vrh gri\u010da, obdana z visokim drevjem. S svojim dominantnim polo\u017eajem ustvarja dialog z cerkvijo in sredi\u0161\u010dem vasi na sosednjem, ni\u017ejem gri\u010du. Jedro \u0161ole tvori tipska stavba arhitekta Otona Gasparija iz 60. let, s centralno avlo, osvetljeno z zenitalno svetlobo. V bo\u010dnih pritli\u010dnih traktih z ravno streho je bila z ene strani miniaturna kuhinja in jedilnica, z druge pa vhod in uprava. \u0160ola je imela izmenski pouk, provizori\u010dno knji\u017enico v avli, premajhno in dotrajano kuhinjo in jedilnico ter dotrajane instalacije. Izvirno jasen koncept je bil zabrisan z nadzidavami stranskih kril ter dozidano \u0161portno dvorano.<\/p>\n<p>Dva nova trakta zagotovita nujno potrebni \u0161olski prostor in ponovno ovrednotita celotno zasnovo, tako da uokvirita prvotno jedro \u0161ole. Prizidka kljub velikosti delujeta lahkotno in sve\u017ee. Vtisu masivnosti se izogneta s fasadno oblogo iz vlaknocementnih plo\u0161\u010d svetlih barv, poudarjeno z navpi\u010dnimi \u010drticami zelene, rumene in rjave barve, ki nosijo lamele protison\u010dne za\u0161\u010dite pred velikimi pasovnimi okni. Barvni koncept se nadaljuje v interierju, kjer so javni prostori \u2013 avle, jedilnica, knji\u017enica.-opremljeni z oblogami in barvnimi akcenti. Ekspresiven ovalen nadstre\u0161ek nad plo\u0161\u010dadjo pred jedilnico zaklju\u010duje zgodbo pomladitve \u0161ole in nagovarja vitalnost ter odprtost kraja v sodobni \u010das.<\/p>\n","protected":false},"excerpt":{"rendered":"<p>\u0160ola stoji vrh gri\u010da, obdana z visokim drevjem. S svojim dominantnim polo\u017eajem ustvarja dialog z cerkvijo in sredi\u0161\u010dem vasi na sosednjem, ni\u017ejem gri\u010du. Jedro \u0161ole tvori tipska stavba arhitekta Otona Gasparija iz 60. let, s centralno avlo, osvetljeno z zenitalno svetlobo. V bo\u010dnih pritli\u010dnih traktih z ravno streho je bila z ene strani miniaturna kuhinja &hellip; <a href=\"https:\/\/dans.si\/?p=1367\">Continued<\/a><\/p>\n","protected":false},"author":1,"featured_media":1350,"comment_status":"open","ping_status":"open","sticky":false,"template":"","format":"standard","meta":{"footnotes":""},"categories":[10],"tags":[],"acf":[],"_links":{"self":[{"href":"https:\/\/dans.si\/index.php?rest_route=\/wp\/v2\/posts\/1367"}],"collection":[{"href":"https:\/\/dans.si\/index.php?rest_route=\/wp\/v2\/posts"}],"about":[{"href":"https:\/\/dans.si\/index.php?rest_route=\/wp\/v2\/types\/post"}],"author":[{"embeddable":true,"href":"https:\/\/dans.si\/index.php?rest_route=\/wp\/v2\/users\/1"}],"replies":[{"embeddable":true,"href":"https:\/\/dans.si\/index.php?rest_route=%2Fwp%2Fv2%2Fcomments&post=1367"}],"version-history":[{"count":3,"href":"https:\/\/dans.si\/index.php?rest_route=\/wp\/v2\/posts\/1367\/revisions"}],"predecessor-version":[{"id":1372,"href":"https:\/\/dans.si\/index.php?rest_route=\/wp\/v2\/posts\/1367\/revisions\/1372"}],"wp:featuredmedia":[{"embeddable":true,"href":"https:\/\/dans.si\/index.php?rest_route=\/wp\/v2\/media\/1350"}],"wp:attachment":[{"href":"https:\/\/dans.si\/index.php?rest_route=%2Fwp%2Fv2%2Fmedia&parent=1367"}],"wp:term":[{"taxonomy":"category","embeddable":true,"href":"https:\/\/dans.si\/index.php?rest_route=%2Fwp%2Fv2%2Fcategories&post=1367"},{"taxonomy":"post_tag","embeddable":true,"href":"https:\/\/dans.si\/index.php?rest_route=%2Fwp%2Fv2%2Ftags&post=1367"}],"curies":[{"name":"wp","href":"https:\/\/api.w.org\/{rel}","templated":true}]}}