{"id":1464,"date":"2021-03-03T10:04:43","date_gmt":"2021-03-03T10:04:43","guid":{"rendered":"https:\/\/dans.si\/?p=1464"},"modified":"2021-03-03T10:05:36","modified_gmt":"2021-03-03T10:05:36","slug":"academy-of-fine-arts-and-design-university-of-ljubljana","status":"publish","type":"post","link":"https:\/\/dans.si\/?p=1464","title":{"rendered":"Akademija za likovno umetnost in oblikovanje"},"content":{"rendered":"<p>Projekt za novo akademijo odgovarja na funkcionalne zahteve, jih pa ne zamrzne v rigidno tlorisno zasnovo. Stavba je zasnovana kot nevtralen okvir za delo in ustvarjanje v njej. Vsaka eta\u017ea je odprt, fleksibilen prostor, ki ga napajajo vertikalna komunikacijska in servisna jedra. Konstrukcija in infrastruktura sta fiksen okvir, vse ostalo je fleksibilno. Iz kvadratnega rastra izpeljana struktura nove stavbe je sistem, ki povezuje heterogene prostorske, funkcionalne in tehni\u010dne elemente v skladno celoto. Nastanejo odprti ali zaprti kreativni prostori, ki spominjajo na delavnico oz. tovarno. Izhodi\u0161\u010de fleksibilnosti je zasnovati arhitekturo kot nekaj, kar se bo \u0161ele dokon\u010dalo z uporabo, ki se bo v \u010dasu spreminjala.<\/p>\n","protected":false},"excerpt":{"rendered":"<p>Projekt za novo akademijo odgovarja na funkcionalne zahteve, jih pa ne zamrzne v rigidno tlorisno zasnovo. Stavba je zasnovana kot nevtralen okvir za delo in ustvarjanje v njej. Vsaka eta\u017ea je odprt, fleksibilen prostor, ki ga napajajo vertikalna komunikacijska in servisna jedra. Konstrukcija in infrastruktura sta fiksen okvir, vse ostalo je fleksibilno. Iz kvadratnega rastra &hellip; <a href=\"https:\/\/dans.si\/?p=1464\">Continued<\/a><\/p>\n","protected":false},"author":1,"featured_media":1468,"comment_status":"open","ping_status":"open","sticky":false,"template":"","format":"standard","meta":{"footnotes":""},"categories":[10],"tags":[],"acf":[],"_links":{"self":[{"href":"https:\/\/dans.si\/index.php?rest_route=\/wp\/v2\/posts\/1464"}],"collection":[{"href":"https:\/\/dans.si\/index.php?rest_route=\/wp\/v2\/posts"}],"about":[{"href":"https:\/\/dans.si\/index.php?rest_route=\/wp\/v2\/types\/post"}],"author":[{"embeddable":true,"href":"https:\/\/dans.si\/index.php?rest_route=\/wp\/v2\/users\/1"}],"replies":[{"embeddable":true,"href":"https:\/\/dans.si\/index.php?rest_route=%2Fwp%2Fv2%2Fcomments&post=1464"}],"version-history":[{"count":3,"href":"https:\/\/dans.si\/index.php?rest_route=\/wp\/v2\/posts\/1464\/revisions"}],"predecessor-version":[{"id":1485,"href":"https:\/\/dans.si\/index.php?rest_route=\/wp\/v2\/posts\/1464\/revisions\/1485"}],"wp:featuredmedia":[{"embeddable":true,"href":"https:\/\/dans.si\/index.php?rest_route=\/wp\/v2\/media\/1468"}],"wp:attachment":[{"href":"https:\/\/dans.si\/index.php?rest_route=%2Fwp%2Fv2%2Fmedia&parent=1464"}],"wp:term":[{"taxonomy":"category","embeddable":true,"href":"https:\/\/dans.si\/index.php?rest_route=%2Fwp%2Fv2%2Fcategories&post=1464"},{"taxonomy":"post_tag","embeddable":true,"href":"https:\/\/dans.si\/index.php?rest_route=%2Fwp%2Fv2%2Ftags&post=1464"}],"curies":[{"name":"wp","href":"https:\/\/api.w.org\/{rel}","templated":true}]}}