{"id":2358,"date":"2023-02-27T14:32:50","date_gmt":"2023-02-27T14:32:50","guid":{"rendered":"https:\/\/dans.si\/?p=2358"},"modified":"2023-02-27T14:39:31","modified_gmt":"2023-02-27T14:39:31","slug":"skupaj-znamo-najbolje-slovenski-inzenirsko-arhitekturni-dosezk","status":"publish","type":"post","link":"https:\/\/dans.si\/?p=2358","title":{"rendered":"razstava: Skupaj znamo najbolje"},"content":{"rendered":"<p>Skupaj znamo najbolje: slovenski in\u017eenirsko-arhitekturni dose\u017eki<\/p>\n<p>Kraj: Galerija Dessa<\/p>\n<p>Trajanje: 11. &#8211; 2. 3. 2023<\/p>\n<p>&nbsp;<\/p>\n<p>Na razstavi\u00a0<strong>Skupaj znamo najbolje: slovenski in\u017eenirsko-arhitekturni dose\u017eki<\/strong>, ki so jo pripravili v soorganizaciji z Mati\u010dno sekcijo gradbenih in\u017eenirjev In\u017eenirske zbornice Slovenije in je v DESSI na ogled od 28. 11. 2022, je predstavljenih 40 izbranih objektov, nastalih v zadnjih \u0161estdesetih letih v Sloveniji in tujini, pod katere so kot avtorji podpisani slovenski gradbeni in\u017eenirji in arhitekti.<\/p>\n<p>&nbsp;<\/p>\n<p><strong>Dans arhitekti na razstavi razstavljamo projekt: Kolesarska brv \u010dez Savo.<\/strong><\/p>\n","protected":false},"excerpt":{"rendered":"<p>Skupaj znamo najbolje: slovenski in\u017eenirsko-arhitekturni dose\u017eki Kraj: Galerija Dessa Trajanje: 11. &#8211; 2. 3. 2023 &nbsp; Na razstavi\u00a0Skupaj znamo najbolje: slovenski in\u017eenirsko-arhitekturni dose\u017eki, ki so jo pripravili v soorganizaciji z Mati\u010dno sekcijo gradbenih in\u017eenirjev In\u017eenirske zbornice Slovenije in je v DESSI na ogled od 28. 11. 2022, je predstavljenih 40 izbranih objektov, nastalih v zadnjih &hellip; <a href=\"https:\/\/dans.si\/?p=2358\">Continued<\/a><\/p>\n","protected":false},"author":1,"featured_media":2362,"comment_status":"open","ping_status":"open","sticky":false,"template":"","format":"standard","meta":{"footnotes":""},"categories":[32],"tags":[],"acf":[],"_links":{"self":[{"href":"https:\/\/dans.si\/index.php?rest_route=\/wp\/v2\/posts\/2358"}],"collection":[{"href":"https:\/\/dans.si\/index.php?rest_route=\/wp\/v2\/posts"}],"about":[{"href":"https:\/\/dans.si\/index.php?rest_route=\/wp\/v2\/types\/post"}],"author":[{"embeddable":true,"href":"https:\/\/dans.si\/index.php?rest_route=\/wp\/v2\/users\/1"}],"replies":[{"embeddable":true,"href":"https:\/\/dans.si\/index.php?rest_route=%2Fwp%2Fv2%2Fcomments&post=2358"}],"version-history":[{"count":3,"href":"https:\/\/dans.si\/index.php?rest_route=\/wp\/v2\/posts\/2358\/revisions"}],"predecessor-version":[{"id":2364,"href":"https:\/\/dans.si\/index.php?rest_route=\/wp\/v2\/posts\/2358\/revisions\/2364"}],"wp:featuredmedia":[{"embeddable":true,"href":"https:\/\/dans.si\/index.php?rest_route=\/wp\/v2\/media\/2362"}],"wp:attachment":[{"href":"https:\/\/dans.si\/index.php?rest_route=%2Fwp%2Fv2%2Fmedia&parent=2358"}],"wp:term":[{"taxonomy":"category","embeddable":true,"href":"https:\/\/dans.si\/index.php?rest_route=%2Fwp%2Fv2%2Fcategories&post=2358"},{"taxonomy":"post_tag","embeddable":true,"href":"https:\/\/dans.si\/index.php?rest_route=%2Fwp%2Fv2%2Ftags&post=2358"}],"curies":[{"name":"wp","href":"https:\/\/api.w.org\/{rel}","templated":true}]}}