{"id":809,"date":"2020-03-13T10:36:56","date_gmt":"2020-03-13T10:36:56","guid":{"rendered":"https:\/\/dans.si\/?p=809"},"modified":"2021-03-01T13:49:24","modified_gmt":"2021-03-01T13:49:24","slug":"paviljon-za-fizioterapijo","status":"publish","type":"post","link":"https:\/\/dans.si\/?p=809","title":{"rendered":"Paviljon za fizioterapijo"},"content":{"rendered":"<p>Prizidek k terapevtski telovadnici zasnujemo v tesnem medprostoru med traktoma kot zelo poseben tridimenzionalno razgiban objekt. Je kot telo, ki se v dol\u017eini 30m ule\u017ee med dve obstoje\u010di stavbi in se, ko se\u017ee do parka, raztegne in razcepi v dva kraka z velikima oknoma v zelenje. Fasada je iz sivih vlakno cementnih plo\u0161\u010d, peta fasada \u2013 stre\u0161na krajina je pokrita s prodcem. Notranjost sledi podolgovati obliki, ki je ustrezna organizaciji dveh glavnih dejavnosti, fizioterapija in delovna terapija. Prijetno atmosfero ustvarimo z veliko svetlobe in enakomerno osvetlitvijo tudi s stropa, z razgibanostjo stropa, s pogledi v kro\u0161nje dreves in s taktilnostjo lesenih povr\u0161in.<\/p>\n","protected":false},"excerpt":{"rendered":"<p>Prizidek k terapevtski telovadnici zasnujemo v tesnem medprostoru med traktoma kot zelo poseben tridimenzionalno razgiban objekt. Je kot telo, ki se v dol\u017eini 30m ule\u017ee med dve obstoje\u010di stavbi in se, ko se\u017ee do parka, raztegne in razcepi v dva kraka z velikima oknoma v zelenje. Fasada je iz sivih vlakno cementnih plo\u0161\u010d, peta fasada &hellip; <a href=\"https:\/\/dans.si\/?p=809\">Continued<\/a><\/p>\n","protected":false},"author":1,"featured_media":822,"comment_status":"open","ping_status":"open","sticky":false,"template":"","format":"standard","meta":{"footnotes":""},"categories":[16],"tags":[],"acf":[],"_links":{"self":[{"href":"https:\/\/dans.si\/index.php?rest_route=\/wp\/v2\/posts\/809"}],"collection":[{"href":"https:\/\/dans.si\/index.php?rest_route=\/wp\/v2\/posts"}],"about":[{"href":"https:\/\/dans.si\/index.php?rest_route=\/wp\/v2\/types\/post"}],"author":[{"embeddable":true,"href":"https:\/\/dans.si\/index.php?rest_route=\/wp\/v2\/users\/1"}],"replies":[{"embeddable":true,"href":"https:\/\/dans.si\/index.php?rest_route=%2Fwp%2Fv2%2Fcomments&post=809"}],"version-history":[{"count":10,"href":"https:\/\/dans.si\/index.php?rest_route=\/wp\/v2\/posts\/809\/revisions"}],"predecessor-version":[{"id":1133,"href":"https:\/\/dans.si\/index.php?rest_route=\/wp\/v2\/posts\/809\/revisions\/1133"}],"wp:featuredmedia":[{"embeddable":true,"href":"https:\/\/dans.si\/index.php?rest_route=\/wp\/v2\/media\/822"}],"wp:attachment":[{"href":"https:\/\/dans.si\/index.php?rest_route=%2Fwp%2Fv2%2Fmedia&parent=809"}],"wp:term":[{"taxonomy":"category","embeddable":true,"href":"https:\/\/dans.si\/index.php?rest_route=%2Fwp%2Fv2%2Fcategories&post=809"},{"taxonomy":"post_tag","embeddable":true,"href":"https:\/\/dans.si\/index.php?rest_route=%2Fwp%2Fv2%2Ftags&post=809"}],"curies":[{"name":"wp","href":"https:\/\/api.w.org\/{rel}","templated":true}]}}