{"id":871,"date":"2020-03-13T11:53:48","date_gmt":"2020-03-13T11:53:48","guid":{"rendered":"https:\/\/dans.si\/?p=871"},"modified":"2021-03-10T08:04:19","modified_gmt":"2021-03-10T08:04:19","slug":"osnovna-sola-ajdovscina","status":"publish","type":"post","link":"https:\/\/dans.si\/?p=871","title":{"rendered":"Osnovna \u0161ola Ajdov\u0161\u010dina"},"content":{"rendered":"<p>\u0160ola je sestavljena iz dveh volumnov in osrednjega povezovalnega dela, ki se organsko vklju\u010duje v oblikovanje pe\u0161 osi kot njeno nadaljevanje in iztek v naravo s panoramo hribov. Povezovalni del vsebuje vhodno avlo in jedilnico &#8211; ve\u010dnamensko dvorano. Mejo \u0161olskega trga in vhod v \u0161olo gradi streha (nadstre\u0161nica) na stebrih, ki omogo\u010da pokrite povezave med vhodi in dovozom, slu\u017ei kot nadstre\u0161ek za \u010dakanje avtobusa, pomeni pa tudi simbolno sredi\u0161\u010de \u0161ole. Nadstre\u0161ek ima zaobljene vogale in velike okrogle odprtine, skozi katere rastejo drevesa. \u0160ola pripoveduje zgodbo o urbanem prostoru mesta &#8211; interpretira urbano zgodovino Castre &#8211; kot novo sredi\u0161\u010de znanja, zgodovine in identitete.<\/p>\n","protected":false},"excerpt":{"rendered":"<p>\u0160ola je sestavljena iz dveh volumnov in osrednjega povezovalnega dela, ki se organsko vklju\u010duje v oblikovanje pe\u0161 osi kot njeno nadaljevanje in iztek v naravo s panoramo hribov. Povezovalni del vsebuje vhodno avlo in jedilnico &#8211; ve\u010dnamensko dvorano. Mejo \u0161olskega trga in vhod v \u0161olo gradi streha (nadstre\u0161nica) na stebrih, ki omogo\u010da pokrite povezave med &hellip; <a href=\"https:\/\/dans.si\/?p=871\">Continued<\/a><\/p>\n","protected":false},"author":1,"featured_media":876,"comment_status":"open","ping_status":"open","sticky":false,"template":"","format":"standard","meta":{"footnotes":""},"categories":[10],"tags":[],"acf":[],"_links":{"self":[{"href":"https:\/\/dans.si\/index.php?rest_route=\/wp\/v2\/posts\/871"}],"collection":[{"href":"https:\/\/dans.si\/index.php?rest_route=\/wp\/v2\/posts"}],"about":[{"href":"https:\/\/dans.si\/index.php?rest_route=\/wp\/v2\/types\/post"}],"author":[{"embeddable":true,"href":"https:\/\/dans.si\/index.php?rest_route=\/wp\/v2\/users\/1"}],"replies":[{"embeddable":true,"href":"https:\/\/dans.si\/index.php?rest_route=%2Fwp%2Fv2%2Fcomments&post=871"}],"version-history":[{"count":6,"href":"https:\/\/dans.si\/index.php?rest_route=\/wp\/v2\/posts\/871\/revisions"}],"predecessor-version":[{"id":1972,"href":"https:\/\/dans.si\/index.php?rest_route=\/wp\/v2\/posts\/871\/revisions\/1972"}],"wp:featuredmedia":[{"embeddable":true,"href":"https:\/\/dans.si\/index.php?rest_route=\/wp\/v2\/media\/876"}],"wp:attachment":[{"href":"https:\/\/dans.si\/index.php?rest_route=%2Fwp%2Fv2%2Fmedia&parent=871"}],"wp:term":[{"taxonomy":"category","embeddable":true,"href":"https:\/\/dans.si\/index.php?rest_route=%2Fwp%2Fv2%2Fcategories&post=871"},{"taxonomy":"post_tag","embeddable":true,"href":"https:\/\/dans.si\/index.php?rest_route=%2Fwp%2Fv2%2Ftags&post=871"}],"curies":[{"name":"wp","href":"https:\/\/api.w.org\/{rel}","templated":true}]}}