{"id":929,"date":"2020-03-13T12:08:28","date_gmt":"2020-03-13T12:08:28","guid":{"rendered":"https:\/\/dans.si\/?p=929"},"modified":"2021-03-11T08:43:20","modified_gmt":"2021-03-11T08:43:20","slug":"slovenj-gradec-secondary-school-with-sports-hall","status":"publish","type":"post","link":"https:\/\/dans.si\/?p=929","title":{"rendered":"Srednja \u0161ola in telovadnica Slovenj Gradec"},"content":{"rendered":"<p>Dve stavbi, \u0161ola in \u0161portna dvorana sta povezani z mostov\u017eem. Na urbanisti\u010dni ravni je pomembna \u0161olska os, ki se iz \u0161olskega trga ob potoku vzpne na je\u017eo \u2013 planoto \u0160tibuh in do Koro\u0161ke ulice. Na tesni lokaciji smo zasnovali kompaktno \u0161olo s \u010dim manj\u0161o tlorisno povr\u0161ino. Tloris je pravokotnik z u\u010dilnicami na obodu in z osrednjim jedrom, ki se v nadstropjih nadaljuje z atrijem. Hodniki so v obliki dvojne \u010drke H, v dveh iztekih sta stranski stopni\u0161\u010di.<\/p>\n","protected":false},"excerpt":{"rendered":"<p>Dve stavbi, \u0161ola in \u0161portna dvorana sta povezani z mostov\u017eem. Na urbanisti\u010dni ravni je pomembna \u0161olska os, ki se iz \u0161olskega trga ob potoku vzpne na je\u017eo \u2013 planoto \u0160tibuh in do Koro\u0161ke ulice. Na tesni lokaciji smo zasnovali kompaktno \u0161olo s \u010dim manj\u0161o tlorisno povr\u0161ino. Tloris je pravokotnik z u\u010dilnicami na obodu in z &hellip; <a href=\"https:\/\/dans.si\/?p=929\">Continued<\/a><\/p>\n","protected":false},"author":1,"featured_media":2139,"comment_status":"open","ping_status":"open","sticky":false,"template":"","format":"standard","meta":{"footnotes":""},"categories":[10],"tags":[],"acf":[],"_links":{"self":[{"href":"https:\/\/dans.si\/index.php?rest_route=\/wp\/v2\/posts\/929"}],"collection":[{"href":"https:\/\/dans.si\/index.php?rest_route=\/wp\/v2\/posts"}],"about":[{"href":"https:\/\/dans.si\/index.php?rest_route=\/wp\/v2\/types\/post"}],"author":[{"embeddable":true,"href":"https:\/\/dans.si\/index.php?rest_route=\/wp\/v2\/users\/1"}],"replies":[{"embeddable":true,"href":"https:\/\/dans.si\/index.php?rest_route=%2Fwp%2Fv2%2Fcomments&post=929"}],"version-history":[{"count":14,"href":"https:\/\/dans.si\/index.php?rest_route=\/wp\/v2\/posts\/929\/revisions"}],"predecessor-version":[{"id":2159,"href":"https:\/\/dans.si\/index.php?rest_route=\/wp\/v2\/posts\/929\/revisions\/2159"}],"wp:featuredmedia":[{"embeddable":true,"href":"https:\/\/dans.si\/index.php?rest_route=\/wp\/v2\/media\/2139"}],"wp:attachment":[{"href":"https:\/\/dans.si\/index.php?rest_route=%2Fwp%2Fv2%2Fmedia&parent=929"}],"wp:term":[{"taxonomy":"category","embeddable":true,"href":"https:\/\/dans.si\/index.php?rest_route=%2Fwp%2Fv2%2Fcategories&post=929"},{"taxonomy":"post_tag","embeddable":true,"href":"https:\/\/dans.si\/index.php?rest_route=%2Fwp%2Fv2%2Ftags&post=929"}],"curies":[{"name":"wp","href":"https:\/\/api.w.org\/{rel}","templated":true}]}}