{"id":977,"date":"2020-03-13T12:58:05","date_gmt":"2020-03-13T12:58:05","guid":{"rendered":"https:\/\/dans.si\/?p=977"},"modified":"2021-03-01T14:04:21","modified_gmt":"2021-03-01T14:04:21","slug":"osnovna-sola-mirna-pec","status":"publish","type":"post","link":"https:\/\/dans.si\/?p=977","title":{"rendered":"Osnovna \u0161ola Mirna Pe\u010d"},"content":{"rendered":"<p>Nova \u0161ola bo postavljena v vzvalovano naravno okolje gri\u010devnate dolenjske pokrajine, kot znak v prostoru in sredi\u0161\u010dna to\u010dka novega ciklusa v urbanem razvoju Mirne Pe\u010di. Zasnova objekta ohranja naravni prostor mehkih oblik in pa ob\u010dutek prostornosti lokacije. V osnovi gre za tri objekte, \u0161olo, vrtec in telovadnico, povezane med sabo. \u0160ola in vrtec sta zasnovana kot dva \u00bbmetulj\u010dka\u00ab, razvita v smeri vzhod \u2013 zahod, med katerima je vhodna partija, ki jo predstavlja avla s stopni\u0161\u010dem in nadstre\u0161kom. Telovadnica je lo\u010den volumen v zaledju \u0161ole, delno vkopan in prislonjen ob gozd in breg. Kompleksna geometrija tlorisov in prerezov ustvarja zunanje in notranje prostore, ki imajo svojstven zna\u010daj, ki je hkrati sodoben in arhai\u010den.<\/p>\n","protected":false},"excerpt":{"rendered":"<p>Nova \u0161ola bo postavljena v vzvalovano naravno okolje gri\u010devnate dolenjske pokrajine, kot znak v prostoru in sredi\u0161\u010dna to\u010dka novega ciklusa v urbanem razvoju Mirne Pe\u010di. Zasnova objekta ohranja naravni prostor mehkih oblik in pa ob\u010dutek prostornosti lokacije. V osnovi gre za tri objekte, \u0161olo, vrtec in telovadnico, povezane med sabo. \u0160ola in vrtec sta zasnovana &hellip; <a href=\"https:\/\/dans.si\/?p=977\">Continued<\/a><\/p>\n","protected":false},"author":1,"featured_media":978,"comment_status":"open","ping_status":"open","sticky":false,"template":"","format":"standard","meta":{"footnotes":""},"categories":[10],"tags":[],"acf":[],"_links":{"self":[{"href":"https:\/\/dans.si\/index.php?rest_route=\/wp\/v2\/posts\/977"}],"collection":[{"href":"https:\/\/dans.si\/index.php?rest_route=\/wp\/v2\/posts"}],"about":[{"href":"https:\/\/dans.si\/index.php?rest_route=\/wp\/v2\/types\/post"}],"author":[{"embeddable":true,"href":"https:\/\/dans.si\/index.php?rest_route=\/wp\/v2\/users\/1"}],"replies":[{"embeddable":true,"href":"https:\/\/dans.si\/index.php?rest_route=%2Fwp%2Fv2%2Fcomments&post=977"}],"version-history":[{"count":3,"href":"https:\/\/dans.si\/index.php?rest_route=\/wp\/v2\/posts\/977\/revisions"}],"predecessor-version":[{"id":1147,"href":"https:\/\/dans.si\/index.php?rest_route=\/wp\/v2\/posts\/977\/revisions\/1147"}],"wp:featuredmedia":[{"embeddable":true,"href":"https:\/\/dans.si\/index.php?rest_route=\/wp\/v2\/media\/978"}],"wp:attachment":[{"href":"https:\/\/dans.si\/index.php?rest_route=%2Fwp%2Fv2%2Fmedia&parent=977"}],"wp:term":[{"taxonomy":"category","embeddable":true,"href":"https:\/\/dans.si\/index.php?rest_route=%2Fwp%2Fv2%2Fcategories&post=977"},{"taxonomy":"post_tag","embeddable":true,"href":"https:\/\/dans.si\/index.php?rest_route=%2Fwp%2Fv2%2Ftags&post=977"}],"curies":[{"name":"wp","href":"https:\/\/api.w.org\/{rel}","templated":true}]}}